{"id":316,"date":"2024-01-07T09:34:36","date_gmt":"2024-01-07T07:34:36","guid":{"rendered":"https:\/\/seliproject.eu\/?p=316"},"modified":"2024-01-07T09:34:37","modified_gmt":"2024-01-07T07:34:37","slug":"chestionar-privind-sanatatea-mintala-si-starea-de-bine-in-scoala","status":"publish","type":"post","link":"https:\/\/seliproject.eu\/index.php\/2024\/01\/07\/chestionar-privind-sanatatea-mintala-si-starea-de-bine-in-scoala\/","title":{"rendered":"CHESTIONAR PRIVIND S\u0102N\u0102TATEA MINTAL\u0102 \u0218I STAREA DE BINE \u00ceN \u0218COAL\u0102"},"content":{"rendered":"\n<p>Alege variantele care se potrivesc \u0219colii tale.<\/p>\n\n\n\n<figure class=\"wp-block-table\"><table><tbody><tr><td><strong>\u00centrebarea<\/strong><\/td><td><strong>Alternative de r\u0103spuns<\/strong><\/td><td><strong>R\u0103spuns<\/strong><\/td><\/tr><tr><td rowspan=\"11\"><strong>&nbsp;<\/strong> <strong>1.G\u00e2ndindu-v\u0103 la \u0219coala dvs. sau la o \u0219coal\u0103 pe care o cunoa\u0219te\u021bi, care dintre urm\u0103toarele ofer\u0103 \u0219coala pentru sprijinul pentru s\u0103n\u0103tatea mintal\u0103 a elevilor? (Alege\u021bi tot ce se aplic\u0103.)<\/strong> <strong>&nbsp;<\/strong><\/td><td>a.Educa\u021bie general\u0103 pentru s\u0103n\u0103tatea mintal\u0103<\/td><td><strong>&nbsp;<\/strong><\/td><\/tr><tr><td>b.Furnizarea de sprijin pentru persoanele cu dificult\u0103\u021bi de s\u0103n\u0103tate mintal\u0103<\/td><td><strong>&nbsp;<\/strong><\/td><\/tr><tr><td>c.Ac\u021biuni anti-bullying<\/td><td><strong>&nbsp;<\/strong><\/td><\/tr><tr><td>d.Dezvoltarea abilit\u0103\u021bilor sociale \u0219i emo\u021bionale prin lec\u021bii<\/td><td><strong>&nbsp;<\/strong><\/td><\/tr><tr><td>e.Activit\u0103\u021bi creative\/sau fizice<\/td><td><strong>&nbsp;<\/strong><\/td><\/tr><tr><td>f.Program de sprijin \u00eentre egali<\/td><td><strong>&nbsp;<\/strong><\/td><\/tr><tr><td>g.Un spa\u021biu privat desemnat sau o camer\u0103<\/td><td><strong>&nbsp;<\/strong><\/td><\/tr><tr><td>h.Un specialist desemnat \u00een \u0219coal\u0103<\/td><td><strong>&nbsp;<\/strong><\/td><\/tr><tr><td>i.Un specialist extern \u00een s\u0103n\u0103tate mintal\u0103<\/td><td><strong>&nbsp;<\/strong><\/td><\/tr><tr><td>j.Sesiuni de mindfullness<\/td><td><strong>&nbsp;<\/strong><\/td><\/tr><tr><td>k.Niciuna<\/td><td><strong>&nbsp;<\/strong><\/td><\/tr><tr><td rowspan=\"6\"><strong>2.C\u00e2t de des au loc urm\u0103toarele cu privire la elevi?<\/strong> <strong>&nbsp;<\/strong> <strong>&nbsp;<\/strong> <strong>&nbsp;<\/strong> <strong>&nbsp;<\/strong> <strong>&nbsp;<\/strong><\/td><td>a.Zilnic<\/td><td><strong>&nbsp;<\/strong><\/td><\/tr><tr><td>b.S\u0103pt\u0103m\u00e2nal<\/td><td><strong>&nbsp;<\/strong><\/td><\/tr><tr><td>c.O dat\u0103 sau de dou\u0103 ori pe trimestru<\/td><td><strong>&nbsp;<\/strong><\/td><\/tr><tr><td>d.O dat\u0103 sau de dou\u0103 ori pe an<\/td><td><strong>&nbsp;<\/strong><\/td><\/tr><tr><td>e.Mai pu\u021bin o data pe an<\/td><td><strong>&nbsp;<\/strong><\/td><\/tr><tr><td>f.Niciodat\u0103<\/td><td><strong>&nbsp;<\/strong><\/td><\/tr><tr><td rowspan=\"6\"><strong>4.\u00cen \u0219coala dumneavoastr\u0103 sau \u00eentr-o \u0219coal\u0103 pe care o cunoa\u0219te\u021bi, cine poate primi s\u0103n\u0103tate mintal\u0103 \u0219i sprijin emo\u021bional? (Alege\u021bi tot ce se aplic\u0103.)<\/strong> <strong>&nbsp;<\/strong><\/td><td>a.Elevii<\/td><td><strong>&nbsp;<\/strong><\/td><\/tr><tr><td>b.P\u0103rin\u021bii<\/td><td><strong>&nbsp;<\/strong><\/td><\/tr><tr><td>c.Profesorii<\/td><td><strong>&nbsp;<\/strong><\/td><\/tr><tr><td>d.Directorii<\/td><td><strong>&nbsp;<\/strong><\/td><\/tr><tr><td>e.Personalul administrativ<\/td><td><strong>&nbsp;<\/strong><\/td><\/tr><tr><td>f.Niciunul<\/td><td><strong>&nbsp;<\/strong><\/td><\/tr><tr><td rowspan=\"8\"><strong>4. Care crede\u021bi c\u0103 sunt obstacolele care \u00eei \u00eempiedic\u0103 pe elevi s\u0103 beneficieze de sprijin pentru s\u0103n\u0103tatea mintal\u0103 \u00een \u0219coal\u0103? (Clasa\u021bi \u00een ordinea importan\u021bei.)<\/strong> <strong>&nbsp;<\/strong><\/td><td>a. Stigmatism, presiune social\u0103 \u0219i de la egal la egal<\/td><td><strong>&nbsp;<\/strong><\/td><\/tr><tr><td>b. Dificultate \u00een accesarea suportului<\/td><td><strong>&nbsp;<\/strong><\/td><\/tr><tr><td>c. Lipsa de informatie<\/td><td><strong>&nbsp;<\/strong><\/td><\/tr><tr><td>d. Lipsa personalului specializat<\/td><td><strong>&nbsp;<\/strong><\/td><\/tr><tr><td>e. Lipsa de instruire \u0219i \u00eendrumare a profesorilor<\/td><td><strong>&nbsp;<\/strong><\/td><\/tr><tr><td>f. Costul financiar al sprijinului<\/td><td><strong>&nbsp;<\/strong><\/td><\/tr><tr><td>g. Nu este o prioritate aleas\u0103 de \u0219coal\u0103<\/td><td><strong>&nbsp;<\/strong><\/td><\/tr><tr><td>h. Nu este o prioritate aleas\u0103 de autorit\u0103\u021bile regionale sau centrale &nbsp;<\/td><td><strong>&nbsp;<\/strong><\/td><\/tr><tr><td rowspan=\"9\"><strong>5. Cine ar trebui s\u0103 fie principalele persoane responsabile cu sprijinul pentru s\u0103n\u0103tatea mintal\u0103 \u0219i bun\u0103starea \u00een \u0219coal\u0103? Verific\u0103 cele 3 care se aplic\u0103 cel mai mult.<\/strong> <strong>&nbsp;<\/strong> <strong>&nbsp;<\/strong><\/td><td>psihologul \u0219colar<\/td><td><strong>&nbsp;<\/strong><\/td><\/tr><tr><td>asistentul medical<\/td><td><strong>&nbsp;<\/strong><\/td><\/tr><tr><td>dirigin\u021bii<\/td><td><strong>&nbsp;<\/strong><\/td><\/tr><tr><td>un expert extern \u00een starea de bine<\/td><td><strong>&nbsp;<\/strong><\/td><\/tr><tr><td>profesorii care se ocup\u0103 de elevi cu nevoi speciale<\/td><td><strong>&nbsp;<\/strong><\/td><\/tr><tr><td>orice profesor, indiferent de materia pe care o pred\u0103<\/td><td><strong>&nbsp;<\/strong><\/td><\/tr><tr><td>directorul<\/td><td><strong>&nbsp;<\/strong><\/td><\/tr><tr><td>un medic specialist extern<\/td><td><strong>&nbsp;<\/strong><\/td><\/tr><tr><td>un lucr\u0103tor social extern<\/td><td><strong>&nbsp;<\/strong><\/td><\/tr><\/tbody><\/table><\/figure>\n","protected":false},"excerpt":{"rendered":"<p>Alege variantele care se potrivesc \u0219colii tale. \u00centrebarea Alternative de r\u0103spuns R\u0103spuns &nbsp; 1.G\u00e2ndindu-v\u0103 la \u0219coala dvs. sau la o \u0219coal\u0103 pe care o cunoa\u0219te\u021bi, care dintre urm\u0103toarele ofer\u0103 \u0219coala pentru sprijinul pentru s\u0103n\u0103tatea mintal\u0103 a elevilor? (Alege\u021bi tot ce <a href=\"https:\/\/seliproject.eu\/index.php\/2024\/01\/07\/chestionar-privind-sanatatea-mintala-si-starea-de-bine-in-scoala\/\" class=\"read-more\">Read More &#8230;<\/a><\/p>\n","protected":false},"author":2,"featured_media":0,"comment_status":"open","ping_status":"open","sticky":false,"template":"","format":"standard","meta":{"footnotes":""},"categories":[1],"tags":[],"class_list":["post-316","post","type-post","status-publish","format-standard","hentry","category-uncategorized"],"_links":{"self":[{"href":"https:\/\/seliproject.eu\/index.php\/wp-json\/wp\/v2\/posts\/316","targetHints":{"allow":["GET"]}}],"collection":[{"href":"https:\/\/seliproject.eu\/index.php\/wp-json\/wp\/v2\/posts"}],"about":[{"href":"https:\/\/seliproject.eu\/index.php\/wp-json\/wp\/v2\/types\/post"}],"author":[{"embeddable":true,"href":"https:\/\/seliproject.eu\/index.php\/wp-json\/wp\/v2\/users\/2"}],"replies":[{"embeddable":true,"href":"https:\/\/seliproject.eu\/index.php\/wp-json\/wp\/v2\/comments?post=316"}],"version-history":[{"count":2,"href":"https:\/\/seliproject.eu\/index.php\/wp-json\/wp\/v2\/posts\/316\/revisions"}],"predecessor-version":[{"id":319,"href":"https:\/\/seliproject.eu\/index.php\/wp-json\/wp\/v2\/posts\/316\/revisions\/319"}],"wp:attachment":[{"href":"https:\/\/seliproject.eu\/index.php\/wp-json\/wp\/v2\/media?parent=316"}],"wp:term":[{"taxonomy":"category","embeddable":true,"href":"https:\/\/seliproject.eu\/index.php\/wp-json\/wp\/v2\/categories?post=316"},{"taxonomy":"post_tag","embeddable":true,"href":"https:\/\/seliproject.eu\/index.php\/wp-json\/wp\/v2\/tags?post=316"}],"curies":[{"name":"wp","href":"https:\/\/api.w.org\/{rel}","templated":true}]}}